{"id":932,"date":"2017-07-10T21:49:48","date_gmt":"2017-07-10T20:49:48","guid":{"rendered":"http:\/\/aikido.krakow.pl\/?p=932"},"modified":"2017-07-10T21:49:48","modified_gmt":"2017-07-10T20:49:48","slug":"treningi-wakacyjne-2017","status":"publish","type":"post","link":"https:\/\/aikido.krakow.pl\/index.php\/2017\/07\/10\/treningi-wakacyjne-2017\/","title":{"rendered":"Treningi wakacyjne 2017"},"content":{"rendered":"<p>\t\t\t\tW miesi\u0105cach lipiec, sierpie\u0144 2017 roku obowi\u0105zywa\u0142 b\u0119dzie nast\u0119puj\u0105cy rozk\u0142ad zaj\u0119\u0107:<\/p>\n<p>W lipcu (1-21.07 i 31.07) treningi w poniedzia\u0142ki i \u015brody w godzinach 19.30-21.00.<\/p>\n<p>W sierpniu\u00a0(1-31.08) zaj\u0119cia b\u0119d\u0105 odbywa\u0107 si\u0119 w godzinach 19.30-21.00 w poniedzia\u0142ki i \u015brody .<\/p>\n<p>Op\u0142ata za miesi\u0105c ucz\u0119szczania na zaj\u0119cia: 100 z\u0142.<\/p>\n<p>Serdecznie zapraszamy!\t\t<\/p>\n","protected":false},"excerpt":{"rendered":"<p>W miesi\u0105cach lipiec, sierpie\u0144 2017 roku obowi\u0105zywa\u0142 b\u0119dzie nast\u0119puj\u0105cy rozk\u0142ad  [&#8230;]<\/p>\n","protected":false},"author":1,"featured_media":133,"comment_status":"closed","ping_status":"open","sticky":false,"template":"","format":"standard","meta":{"footnotes":""},"categories":[19],"tags":[],"class_list":["post-932","post","type-post","status-publish","format-standard","has-post-thumbnail","hentry","category-treningi"],"_links":{"self":[{"href":"https:\/\/aikido.krakow.pl\/index.php\/wp-json\/wp\/v2\/posts\/932","targetHints":{"allow":["GET"]}}],"collection":[{"href":"https:\/\/aikido.krakow.pl\/index.php\/wp-json\/wp\/v2\/posts"}],"about":[{"href":"https:\/\/aikido.krakow.pl\/index.php\/wp-json\/wp\/v2\/types\/post"}],"author":[{"embeddable":true,"href":"https:\/\/aikido.krakow.pl\/index.php\/wp-json\/wp\/v2\/users\/1"}],"replies":[{"embeddable":true,"href":"https:\/\/aikido.krakow.pl\/index.php\/wp-json\/wp\/v2\/comments?post=932"}],"version-history":[{"count":0,"href":"https:\/\/aikido.krakow.pl\/index.php\/wp-json\/wp\/v2\/posts\/932\/revisions"}],"wp:featuredmedia":[{"embeddable":true,"href":"https:\/\/aikido.krakow.pl\/index.php\/wp-json\/"}],"wp:attachment":[{"href":"https:\/\/aikido.krakow.pl\/index.php\/wp-json\/wp\/v2\/media?parent=932"}],"wp:term":[{"taxonomy":"category","embeddable":true,"href":"https:\/\/aikido.krakow.pl\/index.php\/wp-json\/wp\/v2\/categories?post=932"},{"taxonomy":"post_tag","embeddable":true,"href":"https:\/\/aikido.krakow.pl\/index.php\/wp-json\/wp\/v2\/tags?post=932"}],"curies":[{"name":"wp","href":"https:\/\/api.w.org\/{rel}","templated":true}]}}