{"id":889,"date":"2016-08-09T18:05:39","date_gmt":"2016-08-09T17:05:39","guid":{"rendered":"http:\/\/aikido.krakow.pl\/?p=889"},"modified":"2016-08-09T18:05:39","modified_gmt":"2016-08-09T17:05:39","slug":"treningi-we-wrzesniu-2016","status":"publish","type":"post","link":"https:\/\/aikido.krakow.pl\/index.php\/2016\/08\/09\/treningi-we-wrzesniu-2016\/","title":{"rendered":"Treningi we wrze\u015bniu 2017"},"content":{"rendered":"<p>\t\t\t\tWe wrze\u015bniu treningi b\u0119d\u0105 odbywa\u0107 si\u0119 w poniedzia\u0142ki, \u015brody i czwartki w godzinach 20.00 &#8211; 21.30 bez podzia\u0142u na grupy.\t\t<\/p>\n","protected":false},"excerpt":{"rendered":"<p>We wrze\u015bniu treningi b\u0119d\u0105 odbywa\u0107 si\u0119 w poniedzia\u0142ki, \u015brody i  [&#8230;]<\/p>\n","protected":false},"author":1,"featured_media":133,"comment_status":"closed","ping_status":"open","sticky":false,"template":"","format":"standard","meta":{"footnotes":""},"categories":[19],"tags":[],"class_list":["post-889","post","type-post","status-publish","format-standard","has-post-thumbnail","hentry","category-treningi"],"_links":{"self":[{"href":"https:\/\/aikido.krakow.pl\/index.php\/wp-json\/wp\/v2\/posts\/889","targetHints":{"allow":["GET"]}}],"collection":[{"href":"https:\/\/aikido.krakow.pl\/index.php\/wp-json\/wp\/v2\/posts"}],"about":[{"href":"https:\/\/aikido.krakow.pl\/index.php\/wp-json\/wp\/v2\/types\/post"}],"author":[{"embeddable":true,"href":"https:\/\/aikido.krakow.pl\/index.php\/wp-json\/wp\/v2\/users\/1"}],"replies":[{"embeddable":true,"href":"https:\/\/aikido.krakow.pl\/index.php\/wp-json\/wp\/v2\/comments?post=889"}],"version-history":[{"count":0,"href":"https:\/\/aikido.krakow.pl\/index.php\/wp-json\/wp\/v2\/posts\/889\/revisions"}],"wp:featuredmedia":[{"embeddable":true,"href":"https:\/\/aikido.krakow.pl\/index.php\/wp-json\/"}],"wp:attachment":[{"href":"https:\/\/aikido.krakow.pl\/index.php\/wp-json\/wp\/v2\/media?parent=889"}],"wp:term":[{"taxonomy":"category","embeddable":true,"href":"https:\/\/aikido.krakow.pl\/index.php\/wp-json\/wp\/v2\/categories?post=889"},{"taxonomy":"post_tag","embeddable":true,"href":"https:\/\/aikido.krakow.pl\/index.php\/wp-json\/wp\/v2\/tags?post=889"}],"curies":[{"name":"wp","href":"https:\/\/api.w.org\/{rel}","templated":true}]}}