{"id":831,"date":"2015-07-27T13:35:07","date_gmt":"2015-07-27T12:35:07","guid":{"rendered":"http:\/\/aikido.krakow.pl\/?p=831"},"modified":"2015-07-27T13:35:07","modified_gmt":"2015-07-27T12:35:07","slug":"treningi-w-sierpniu","status":"publish","type":"post","link":"https:\/\/aikido.krakow.pl\/index.php\/2015\/07\/27\/treningi-w-sierpniu\/","title":{"rendered":"Treningi w sierpniu"},"content":{"rendered":"<p>\t\t\t\tW sierpniu treningi b\u0119d\u0105 odbywa\u0107 si\u0119 w poniedzia\u0142ki i \u015brody w godzinach 19.30-21.00 bez podzia\u0142u na grupy.\t\t<\/p>\n","protected":false},"excerpt":{"rendered":"<p>W sierpniu treningi b\u0119d\u0105 odbywa\u0107 si\u0119 w poniedzia\u0142ki i \u015brody  [&#8230;]<\/p>\n","protected":false},"author":1,"featured_media":133,"comment_status":"closed","ping_status":"open","sticky":false,"template":"","format":"standard","meta":{"footnotes":""},"categories":[19],"tags":[],"class_list":["post-831","post","type-post","status-publish","format-standard","has-post-thumbnail","hentry","category-treningi"],"_links":{"self":[{"href":"https:\/\/aikido.krakow.pl\/index.php\/wp-json\/wp\/v2\/posts\/831","targetHints":{"allow":["GET"]}}],"collection":[{"href":"https:\/\/aikido.krakow.pl\/index.php\/wp-json\/wp\/v2\/posts"}],"about":[{"href":"https:\/\/aikido.krakow.pl\/index.php\/wp-json\/wp\/v2\/types\/post"}],"author":[{"embeddable":true,"href":"https:\/\/aikido.krakow.pl\/index.php\/wp-json\/wp\/v2\/users\/1"}],"replies":[{"embeddable":true,"href":"https:\/\/aikido.krakow.pl\/index.php\/wp-json\/wp\/v2\/comments?post=831"}],"version-history":[{"count":0,"href":"https:\/\/aikido.krakow.pl\/index.php\/wp-json\/wp\/v2\/posts\/831\/revisions"}],"wp:featuredmedia":[{"embeddable":true,"href":"https:\/\/aikido.krakow.pl\/index.php\/wp-json\/"}],"wp:attachment":[{"href":"https:\/\/aikido.krakow.pl\/index.php\/wp-json\/wp\/v2\/media?parent=831"}],"wp:term":[{"taxonomy":"category","embeddable":true,"href":"https:\/\/aikido.krakow.pl\/index.php\/wp-json\/wp\/v2\/categories?post=831"},{"taxonomy":"post_tag","embeddable":true,"href":"https:\/\/aikido.krakow.pl\/index.php\/wp-json\/wp\/v2\/tags?post=831"}],"curies":[{"name":"wp","href":"https:\/\/api.w.org\/{rel}","templated":true}]}}