{"id":800,"date":"2014-12-10T17:24:11","date_gmt":"2014-12-10T16:24:11","guid":{"rendered":"http:\/\/aikido.krakow.pl\/?p=800"},"modified":"2014-12-10T17:24:11","modified_gmt":"2014-12-10T16:24:11","slug":"treningi-w-okresie-swiatecznym-2014","status":"publish","type":"post","link":"https:\/\/aikido.krakow.pl\/index.php\/2014\/12\/10\/treningi-w-okresie-swiatecznym-2014\/","title":{"rendered":"Treningi w okresie \u015bwi\u0105tecznym 2014"},"content":{"rendered":"<p>\t\t\t\tW okresie ferii \u015bwi\u0105teczno \u2013 noworocznych trening\u00f3w nie b\u0119dzie: 24, 25, 26, 31 grudnia oraz 1 stycznia. W pozosta\u0142e dni zaj\u0119cia odbywaj\u0105 si\u0119 o sta\u0142ych porach i s\u0105 przeznaczone dla wszystkich, bez podzia\u0142u na grupy zaawansowania. \t\t<\/p>\n","protected":false},"excerpt":{"rendered":"<p>W okresie ferii \u015bwi\u0105teczno \u2013 noworocznych trening\u00f3w nie b\u0119dzie: 24,  [&#8230;]<\/p>\n","protected":false},"author":1,"featured_media":134,"comment_status":"closed","ping_status":"open","sticky":false,"template":"","format":"standard","meta":{"footnotes":""},"categories":[5],"tags":[],"class_list":["post-800","post","type-post","status-publish","format-standard","has-post-thumbnail","hentry","category-uncategorized"],"_links":{"self":[{"href":"https:\/\/aikido.krakow.pl\/index.php\/wp-json\/wp\/v2\/posts\/800","targetHints":{"allow":["GET"]}}],"collection":[{"href":"https:\/\/aikido.krakow.pl\/index.php\/wp-json\/wp\/v2\/posts"}],"about":[{"href":"https:\/\/aikido.krakow.pl\/index.php\/wp-json\/wp\/v2\/types\/post"}],"author":[{"embeddable":true,"href":"https:\/\/aikido.krakow.pl\/index.php\/wp-json\/wp\/v2\/users\/1"}],"replies":[{"embeddable":true,"href":"https:\/\/aikido.krakow.pl\/index.php\/wp-json\/wp\/v2\/comments?post=800"}],"version-history":[{"count":0,"href":"https:\/\/aikido.krakow.pl\/index.php\/wp-json\/wp\/v2\/posts\/800\/revisions"}],"wp:featuredmedia":[{"embeddable":true,"href":"https:\/\/aikido.krakow.pl\/index.php\/wp-json\/"}],"wp:attachment":[{"href":"https:\/\/aikido.krakow.pl\/index.php\/wp-json\/wp\/v2\/media?parent=800"}],"wp:term":[{"taxonomy":"category","embeddable":true,"href":"https:\/\/aikido.krakow.pl\/index.php\/wp-json\/wp\/v2\/categories?post=800"},{"taxonomy":"post_tag","embeddable":true,"href":"https:\/\/aikido.krakow.pl\/index.php\/wp-json\/wp\/v2\/tags?post=800"}],"curies":[{"name":"wp","href":"https:\/\/api.w.org\/{rel}","templated":true}]}}