{"id":685,"date":"2013-08-21T14:47:49","date_gmt":"2013-08-21T13:47:49","guid":{"rendered":"http:\/\/aikido.krakow.pl\/?p=685"},"modified":"2013-08-21T14:47:49","modified_gmt":"2013-08-21T13:47:49","slug":"zapisy-jesien-2013","status":"publish","type":"post","link":"https:\/\/aikido.krakow.pl\/index.php\/2013\/08\/21\/zapisy-jesien-2013\/","title":{"rendered":"Zapisy &#8211; jesie\u0144 &#8211; 2013"},"content":{"rendered":"<p>\t\t\t\tZapisy do grupy pocz\u0105tkuj\u0105cej zaczynaj\u0105 si\u0119 18 wrze\u015bnia (w godzinach 18:00 &#8211; 20:00 Klub TS &#8222;Wis\u0142a&#8221; pok\u00f3j 201). Zaj\u0119cia zaczynaj\u0105 si\u0119 08 pa\u017adziernika 2013 roku (treningi we wtorki i czwartki w godzinach 19:45 &#8211; 21:15).\t\t<\/p>\n","protected":false},"excerpt":{"rendered":"<p>Zapisy do grupy pocz\u0105tkuj\u0105cej zaczynaj\u0105 si\u0119 18 wrze\u015bnia (w godzinach  [&#8230;]<\/p>\n","protected":false},"author":1,"featured_media":133,"comment_status":"closed","ping_status":"open","sticky":false,"template":"","format":"standard","meta":{"footnotes":""},"categories":[19,20],"tags":[],"class_list":["post-685","post","type-post","status-publish","format-standard","has-post-thumbnail","hentry","category-treningi","category-zapisy"],"_links":{"self":[{"href":"https:\/\/aikido.krakow.pl\/index.php\/wp-json\/wp\/v2\/posts\/685","targetHints":{"allow":["GET"]}}],"collection":[{"href":"https:\/\/aikido.krakow.pl\/index.php\/wp-json\/wp\/v2\/posts"}],"about":[{"href":"https:\/\/aikido.krakow.pl\/index.php\/wp-json\/wp\/v2\/types\/post"}],"author":[{"embeddable":true,"href":"https:\/\/aikido.krakow.pl\/index.php\/wp-json\/wp\/v2\/users\/1"}],"replies":[{"embeddable":true,"href":"https:\/\/aikido.krakow.pl\/index.php\/wp-json\/wp\/v2\/comments?post=685"}],"version-history":[{"count":0,"href":"https:\/\/aikido.krakow.pl\/index.php\/wp-json\/wp\/v2\/posts\/685\/revisions"}],"wp:featuredmedia":[{"embeddable":true,"href":"https:\/\/aikido.krakow.pl\/index.php\/wp-json\/"}],"wp:attachment":[{"href":"https:\/\/aikido.krakow.pl\/index.php\/wp-json\/wp\/v2\/media?parent=685"}],"wp:term":[{"taxonomy":"category","embeddable":true,"href":"https:\/\/aikido.krakow.pl\/index.php\/wp-json\/wp\/v2\/categories?post=685"},{"taxonomy":"post_tag","embeddable":true,"href":"https:\/\/aikido.krakow.pl\/index.php\/wp-json\/wp\/v2\/tags?post=685"}],"curies":[{"name":"wp","href":"https:\/\/api.w.org\/{rel}","templated":true}]}}