{"id":634,"date":"2013-01-28T09:44:00","date_gmt":"2013-01-28T08:44:00","guid":{"rendered":"http:\/\/aikido.krakow.pl\/?p=634"},"modified":"2013-01-28T09:44:00","modified_gmt":"2013-01-28T08:44:00","slug":"zapisy-wiosna-2013","status":"publish","type":"post","link":"https:\/\/aikido.krakow.pl\/index.php\/2013\/01\/28\/zapisy-wiosna-2013\/","title":{"rendered":"Zapisy &#8211; wiosna 2013"},"content":{"rendered":"<p>\t\t\t\tZapisy do grupy pocz\u0105tkuj\u0105cej zaczynaj\u0105 si\u0119 20 lutego (w godzinach 18:00 &#8211; 20:00 Klub TS &#8222;Wis\u0142a&#8221; pok\u00f3j 201). Zaj\u0119cia zaczynaj\u0105 si\u0119 07 marca 2013 roku (treningi we wtorki i czwartki w godzinach 19:45 &#8211; 21:45).\t\t<\/p>\n","protected":false},"excerpt":{"rendered":"<p>Zapisy do grupy pocz\u0105tkuj\u0105cej zaczynaj\u0105 si\u0119 20 lutego (w godzinach  [&#8230;]<\/p>\n","protected":false},"author":1,"featured_media":133,"comment_status":"closed","ping_status":"open","sticky":false,"template":"","format":"standard","meta":{"footnotes":""},"categories":[19,20],"tags":[],"class_list":["post-634","post","type-post","status-publish","format-standard","has-post-thumbnail","hentry","category-treningi","category-zapisy"],"_links":{"self":[{"href":"https:\/\/aikido.krakow.pl\/index.php\/wp-json\/wp\/v2\/posts\/634","targetHints":{"allow":["GET"]}}],"collection":[{"href":"https:\/\/aikido.krakow.pl\/index.php\/wp-json\/wp\/v2\/posts"}],"about":[{"href":"https:\/\/aikido.krakow.pl\/index.php\/wp-json\/wp\/v2\/types\/post"}],"author":[{"embeddable":true,"href":"https:\/\/aikido.krakow.pl\/index.php\/wp-json\/wp\/v2\/users\/1"}],"replies":[{"embeddable":true,"href":"https:\/\/aikido.krakow.pl\/index.php\/wp-json\/wp\/v2\/comments?post=634"}],"version-history":[{"count":0,"href":"https:\/\/aikido.krakow.pl\/index.php\/wp-json\/wp\/v2\/posts\/634\/revisions"}],"wp:featuredmedia":[{"embeddable":true,"href":"https:\/\/aikido.krakow.pl\/index.php\/wp-json\/"}],"wp:attachment":[{"href":"https:\/\/aikido.krakow.pl\/index.php\/wp-json\/wp\/v2\/media?parent=634"}],"wp:term":[{"taxonomy":"category","embeddable":true,"href":"https:\/\/aikido.krakow.pl\/index.php\/wp-json\/wp\/v2\/categories?post=634"},{"taxonomy":"post_tag","embeddable":true,"href":"https:\/\/aikido.krakow.pl\/index.php\/wp-json\/wp\/v2\/tags?post=634"}],"curies":[{"name":"wp","href":"https:\/\/api.w.org\/{rel}","templated":true}]}}