{"id":3615,"date":"2025-09-16T17:42:58","date_gmt":"2025-09-16T15:42:58","guid":{"rendered":"https:\/\/aikido.krakow.pl\/?p=3615"},"modified":"2025-11-18T12:31:05","modified_gmt":"2025-11-18T11:31:05","slug":"sobotnie-seminaria-aikido-w-roku-szkolnym-2025-26","status":"publish","type":"post","link":"https:\/\/aikido.krakow.pl\/index.php\/2025\/09\/16\/sobotnie-seminaria-aikido-w-roku-szkolnym-2025-26\/","title":{"rendered":"Sobotnie seminaria Aikido w roku szkolnym 2025\/26"},"content":{"rendered":"<div dir=\"auto\">Sobotnie seminaria Aikido w roku szkolnym 2025\/26<span class=\"html-span xexx8yu xyri2b x18d9i69 x1c1uobl x1hl2dhg x16tdsg8 x1vvkbs x3nfvp2 x1j61x8r x1fcty0u xdj266r xat24cr xm2jcoa x1mpyi22 xxymvpz xlup9mm x1kky2od\"><img decoding=\"async\" class=\"xz74otr x15mokao x1ga7v0g x16uus16 xbiv7yw\" src=\"https:\/\/static.xx.fbcdn.net\/images\/emoji.php\/v9\/t3f\/1\/16\/1f94b.png\" alt=\"&#x1f94b;\" width=\"16\" height=\"16\" \/><\/span><\/div>\n<div dir=\"auto\">Planowane terminy:<\/div>\n<div dir=\"auto\">1. 27 wrzesie\u0144<\/div>\n<div dir=\"auto\">2. 18 pa\u017adziernik<\/div>\n<div dir=\"auto\">3. 15 listopad<\/div>\n<div dir=\"auto\">4. 13 grudzie\u0144<\/div>\n<div dir=\"auto\">5. 24 stycze\u0144<\/div>\n<div dir=\"auto\">6. 21 luty<\/div>\n<div dir=\"auto\">7. 21 marzec<\/div>\n<div dir=\"auto\">8. 25 kwiecie\u0144<\/div>\n<div dir=\"auto\">9. 23 maj<\/div>\n<div dir=\"auto\">10. 20 czerwiec<\/div>\n<div dir=\"auto\">Miejsce: TS &#8222;Wis\u0142a&#8221; ul. Reymonta 22<\/div>\n<div dir=\"auto\">Godz. 13.00-16.00<\/div>\n<div dir=\"auto\">Wyposa\u017cenie: boken, Jo<\/div>\n<div dir=\"auto\">W zaj\u0119ciach mo\u017ce wzi\u0105\u0107 udzia\u0142 ka\u017cdy bez wzgl\u0119du na przynale\u017cno\u015b\u0107 organizacyjn\u0105 oraz poziom zaawansowania. Wystarczy podstawowa znajomo\u015b\u0107 ukemi.<\/div>\n<div dir=\"auto\">Zapraszam<span class=\"html-span xexx8yu xyri2b x18d9i69 x1c1uobl x1hl2dhg x16tdsg8 x1vvkbs x3nfvp2 x1j61x8r x1fcty0u xdj266r xat24cr xm2jcoa x1mpyi22 xxymvpz xlup9mm x1kky2od\"><img decoding=\"async\" class=\"xz74otr x15mokao x1ga7v0g x16uus16 xbiv7yw\" src=\"https:\/\/static.xx.fbcdn.net\/images\/emoji.php\/v9\/tce\/1\/16\/1f600.png\" alt=\"&#x1f600;\" width=\"16\" height=\"16\" \/><\/span><\/div>\n","protected":false},"excerpt":{"rendered":"<p>Sobotnie seminaria Aikido w roku szkolnym 2025\/26 Planowane terminy: 1.  [&#8230;]<\/p>\n","protected":false},"author":3,"featured_media":0,"comment_status":"closed","ping_status":"open","sticky":false,"template":"","format":"standard","meta":{"footnotes":""},"categories":[1],"tags":[],"class_list":["post-3615","post","type-post","status-publish","format-standard","hentry","category-bez-kategorii"],"_links":{"self":[{"href":"https:\/\/aikido.krakow.pl\/index.php\/wp-json\/wp\/v2\/posts\/3615","targetHints":{"allow":["GET"]}}],"collection":[{"href":"https:\/\/aikido.krakow.pl\/index.php\/wp-json\/wp\/v2\/posts"}],"about":[{"href":"https:\/\/aikido.krakow.pl\/index.php\/wp-json\/wp\/v2\/types\/post"}],"author":[{"embeddable":true,"href":"https:\/\/aikido.krakow.pl\/index.php\/wp-json\/wp\/v2\/users\/3"}],"replies":[{"embeddable":true,"href":"https:\/\/aikido.krakow.pl\/index.php\/wp-json\/wp\/v2\/comments?post=3615"}],"version-history":[{"count":3,"href":"https:\/\/aikido.krakow.pl\/index.php\/wp-json\/wp\/v2\/posts\/3615\/revisions"}],"predecessor-version":[{"id":3623,"href":"https:\/\/aikido.krakow.pl\/index.php\/wp-json\/wp\/v2\/posts\/3615\/revisions\/3623"}],"wp:attachment":[{"href":"https:\/\/aikido.krakow.pl\/index.php\/wp-json\/wp\/v2\/media?parent=3615"}],"wp:term":[{"taxonomy":"category","embeddable":true,"href":"https:\/\/aikido.krakow.pl\/index.php\/wp-json\/wp\/v2\/categories?post=3615"},{"taxonomy":"post_tag","embeddable":true,"href":"https:\/\/aikido.krakow.pl\/index.php\/wp-json\/wp\/v2\/tags?post=3615"}],"curies":[{"name":"wp","href":"https:\/\/api.w.org\/{rel}","templated":true}]}}