{"id":3537,"date":"2024-09-11T10:46:45","date_gmt":"2024-09-11T08:46:45","guid":{"rendered":"https:\/\/aikido.krakow.pl\/?p=3537"},"modified":"2024-09-11T10:55:23","modified_gmt":"2024-09-11T08:55:23","slug":"wrzesniowe-seminarium-aikido-2","status":"publish","type":"post","link":"https:\/\/aikido.krakow.pl\/index.php\/2024\/09\/11\/wrzesniowe-seminarium-aikido-2\/","title":{"rendered":"Wrze\u015bniowe seminarium Aikido!"},"content":{"rendered":"<p>Zapraszam na sobotnie seminarium Aikido!<\/p>\n<p>Termin: 21.09.2024r.<\/p>\n<p>Godz. 13.00-16.00<\/p>\n<p>Miejsce: TS &#8222;Wis\u0142a&#8221; ul. Reymonta 22<\/p>\n<p>Op\u0142ata: 80z\u0142<\/p>\n<p>Parking bezp\u0142atny dla uczestnik\u00f3w zaj\u0119\u0107.<\/p>\n","protected":false},"excerpt":{"rendered":"<p>Zapraszam na sobotnie seminarium Aikido! Termin: 21.09.2024r. Godz. 13.00-16.00 Miejsce:  [&#8230;]<\/p>\n","protected":false},"author":3,"featured_media":0,"comment_status":"closed","ping_status":"open","sticky":false,"template":"","format":"standard","meta":{"footnotes":""},"categories":[1],"tags":[],"class_list":["post-3537","post","type-post","status-publish","format-standard","hentry","category-bez-kategorii"],"_links":{"self":[{"href":"https:\/\/aikido.krakow.pl\/index.php\/wp-json\/wp\/v2\/posts\/3537","targetHints":{"allow":["GET"]}}],"collection":[{"href":"https:\/\/aikido.krakow.pl\/index.php\/wp-json\/wp\/v2\/posts"}],"about":[{"href":"https:\/\/aikido.krakow.pl\/index.php\/wp-json\/wp\/v2\/types\/post"}],"author":[{"embeddable":true,"href":"https:\/\/aikido.krakow.pl\/index.php\/wp-json\/wp\/v2\/users\/3"}],"replies":[{"embeddable":true,"href":"https:\/\/aikido.krakow.pl\/index.php\/wp-json\/wp\/v2\/comments?post=3537"}],"version-history":[{"count":2,"href":"https:\/\/aikido.krakow.pl\/index.php\/wp-json\/wp\/v2\/posts\/3537\/revisions"}],"predecessor-version":[{"id":3539,"href":"https:\/\/aikido.krakow.pl\/index.php\/wp-json\/wp\/v2\/posts\/3537\/revisions\/3539"}],"wp:attachment":[{"href":"https:\/\/aikido.krakow.pl\/index.php\/wp-json\/wp\/v2\/media?parent=3537"}],"wp:term":[{"taxonomy":"category","embeddable":true,"href":"https:\/\/aikido.krakow.pl\/index.php\/wp-json\/wp\/v2\/categories?post=3537"},{"taxonomy":"post_tag","embeddable":true,"href":"https:\/\/aikido.krakow.pl\/index.php\/wp-json\/wp\/v2\/tags?post=3537"}],"curies":[{"name":"wp","href":"https:\/\/api.w.org\/{rel}","templated":true}]}}