{"id":3458,"date":"2023-04-28T12:24:20","date_gmt":"2023-04-28T10:24:20","guid":{"rendered":"https:\/\/aikido.krakow.pl\/?p=3458"},"modified":"2023-04-28T12:24:41","modified_gmt":"2023-04-28T10:24:41","slug":"majowe-seminarium-aikido","status":"publish","type":"post","link":"https:\/\/aikido.krakow.pl\/index.php\/2023\/04\/28\/majowe-seminarium-aikido\/","title":{"rendered":"Majowe seminarium Aikido!"},"content":{"rendered":"<div dir=\"auto\">Seminarium Aikido<span class=\"x3nfvp2 x1j61x8r x1fcty0u xdj266r xhhsvwb xat24cr xgzva0m xxymvpz xlup9mm x1kky2od\"><img decoding=\"async\" src=\"https:\/\/static.xx.fbcdn.net\/images\/emoji.php\/v9\/tce\/1\/16\/1f600.png\" alt=\"&#x1f600;\" width=\"16\" height=\"16\" \/><\/span><\/div>\n<div dir=\"auto\">Zapraszam na majowe seminarium Aikido!<\/div>\n<div dir=\"auto\">Termin: sobota 13.05.2023r.<\/div>\n<div dir=\"auto\">Godz.13.00- 16.00.<\/div>\n<div dir=\"auto\">Miejsce: TS &#8222;Wis\u0142a&#8221;ul. Reymonta 22<\/div>\n<div dir=\"auto\">Koszt: 60z\u0142.<\/div>\n<div dir=\"auto\">Parking bezp\u0142atny dla uczestnik\u00f3w na czas zaj\u0119\u0107.<\/div>\n","protected":false},"excerpt":{"rendered":"<p>Seminarium Aikido Zapraszam na majowe seminarium Aikido! Termin: sobota 13.05.2023r.  [&#8230;]<\/p>\n","protected":false},"author":3,"featured_media":0,"comment_status":"closed","ping_status":"open","sticky":false,"template":"","format":"standard","meta":{"footnotes":""},"categories":[1],"tags":[],"class_list":["post-3458","post","type-post","status-publish","format-standard","hentry","category-bez-kategorii"],"_links":{"self":[{"href":"https:\/\/aikido.krakow.pl\/index.php\/wp-json\/wp\/v2\/posts\/3458","targetHints":{"allow":["GET"]}}],"collection":[{"href":"https:\/\/aikido.krakow.pl\/index.php\/wp-json\/wp\/v2\/posts"}],"about":[{"href":"https:\/\/aikido.krakow.pl\/index.php\/wp-json\/wp\/v2\/types\/post"}],"author":[{"embeddable":true,"href":"https:\/\/aikido.krakow.pl\/index.php\/wp-json\/wp\/v2\/users\/3"}],"replies":[{"embeddable":true,"href":"https:\/\/aikido.krakow.pl\/index.php\/wp-json\/wp\/v2\/comments?post=3458"}],"version-history":[{"count":1,"href":"https:\/\/aikido.krakow.pl\/index.php\/wp-json\/wp\/v2\/posts\/3458\/revisions"}],"predecessor-version":[{"id":3459,"href":"https:\/\/aikido.krakow.pl\/index.php\/wp-json\/wp\/v2\/posts\/3458\/revisions\/3459"}],"wp:attachment":[{"href":"https:\/\/aikido.krakow.pl\/index.php\/wp-json\/wp\/v2\/media?parent=3458"}],"wp:term":[{"taxonomy":"category","embeddable":true,"href":"https:\/\/aikido.krakow.pl\/index.php\/wp-json\/wp\/v2\/categories?post=3458"},{"taxonomy":"post_tag","embeddable":true,"href":"https:\/\/aikido.krakow.pl\/index.php\/wp-json\/wp\/v2\/tags?post=3458"}],"curies":[{"name":"wp","href":"https:\/\/api.w.org\/{rel}","templated":true}]}}