{"id":3425,"date":"2022-06-28T16:46:27","date_gmt":"2022-06-28T14:46:27","guid":{"rendered":"http:\/\/aikido.krakow.pl\/?p=3425"},"modified":"2022-06-28T16:46:50","modified_gmt":"2022-06-28T14:46:50","slug":"treningi-lipiec-i-sierpien-2022r","status":"publish","type":"post","link":"https:\/\/aikido.krakow.pl\/index.php\/2022\/06\/28\/treningi-lipiec-i-sierpien-2022r\/","title":{"rendered":"Treningi lipiec i sierpie\u0144 2022r."},"content":{"rendered":"<div dir=\"auto\">Zapraszam na treningi w wakacje 2022r.<\/div>\n<div dir=\"auto\">Lipiec: poniedzia\u0142ki i \u015brody godz. 20.00-21.15. ( Przerwa od 16 do 23 lipca ze wzgl\u0119du na ob\u00f3z).<\/div>\n<div dir=\"auto\">Koszt: 150z\u0142.<\/div>\n<div dir=\"auto\">Sierpie\u0144: poniedzia\u0142ki i \u015brody godz. 20.00-21.15.<\/div>\n<div dir=\"auto\">Koszt: 160z\u0142.<\/div>\n","protected":false},"excerpt":{"rendered":"<p>Zapraszam na treningi w wakacje 2022r. Lipiec: poniedzia\u0142ki i \u015brody  [&#8230;]<\/p>\n","protected":false},"author":3,"featured_media":0,"comment_status":"closed","ping_status":"open","sticky":false,"template":"","format":"standard","meta":{"footnotes":""},"categories":[1],"tags":[],"class_list":["post-3425","post","type-post","status-publish","format-standard","hentry","category-bez-kategorii"],"_links":{"self":[{"href":"https:\/\/aikido.krakow.pl\/index.php\/wp-json\/wp\/v2\/posts\/3425","targetHints":{"allow":["GET"]}}],"collection":[{"href":"https:\/\/aikido.krakow.pl\/index.php\/wp-json\/wp\/v2\/posts"}],"about":[{"href":"https:\/\/aikido.krakow.pl\/index.php\/wp-json\/wp\/v2\/types\/post"}],"author":[{"embeddable":true,"href":"https:\/\/aikido.krakow.pl\/index.php\/wp-json\/wp\/v2\/users\/3"}],"replies":[{"embeddable":true,"href":"https:\/\/aikido.krakow.pl\/index.php\/wp-json\/wp\/v2\/comments?post=3425"}],"version-history":[{"count":1,"href":"https:\/\/aikido.krakow.pl\/index.php\/wp-json\/wp\/v2\/posts\/3425\/revisions"}],"predecessor-version":[{"id":3426,"href":"https:\/\/aikido.krakow.pl\/index.php\/wp-json\/wp\/v2\/posts\/3425\/revisions\/3426"}],"wp:attachment":[{"href":"https:\/\/aikido.krakow.pl\/index.php\/wp-json\/wp\/v2\/media?parent=3425"}],"wp:term":[{"taxonomy":"category","embeddable":true,"href":"https:\/\/aikido.krakow.pl\/index.php\/wp-json\/wp\/v2\/categories?post=3425"},{"taxonomy":"post_tag","embeddable":true,"href":"https:\/\/aikido.krakow.pl\/index.php\/wp-json\/wp\/v2\/tags?post=3425"}],"curies":[{"name":"wp","href":"https:\/\/api.w.org\/{rel}","templated":true}]}}