{"id":3423,"date":"2022-06-23T18:16:07","date_gmt":"2022-06-23T16:16:07","guid":{"rendered":"http:\/\/aikido.krakow.pl\/?p=3423"},"modified":"2022-06-23T18:16:20","modified_gmt":"2022-06-23T16:16:20","slug":"letnie-zajecia-aikido-bocheniec-2022","status":"publish","type":"post","link":"https:\/\/aikido.krakow.pl\/index.php\/2022\/06\/23\/letnie-zajecia-aikido-bocheniec-2022\/","title":{"rendered":"Letnie zaj\u0119cia Aikido Bocheniec 2022"},"content":{"rendered":"<div dir=\"auto\">Uwaga! Letnie zaj\u0119cia Aikido 2022!<\/div>\n<div dir=\"auto\">Nast\u0105pi\u0142a zmiana miejsca ze wzgl\u0119du na przed\u0142u\u017cony pobyt uchod\u017ac\u00f3w z Ukrainy w Bukownie.<\/div>\n<div dir=\"auto\">Nowy o\u015brodek: O\u015brodek Wczasowy &#8222;Wierna&#8221;.<\/div>\n<div dir=\"auto\">Bocheniec 55b, 28-366 Bocheniec.<\/div>\n<div dir=\"auto\">Termin bez zmian: 16-23.07.2022<\/div>\n<div dir=\"auto\">Koszt bez zmian: 1200z\u0142<\/div>\n<div dir=\"auto\">Ze wzgl\u0119du na zmian\u0119 miejsca zg\u0142oszenia i wp\u0142aty zaliczki w kwocie 500z\u0142 przyjmowane b\u0119d\u0105 do 08.07.2022r.<\/div>\n<div dir=\"auto\">W razie pyta\u0144, prosz\u0119 o kontakt:<\/div>\n<div dir=\"auto\">mail: zieba69@interia.pl<\/div>\n<div dir=\"auto\">tel: 501 270 090<\/div>\n","protected":false},"excerpt":{"rendered":"<p>Uwaga! Letnie zaj\u0119cia Aikido 2022! Nast\u0105pi\u0142a zmiana miejsca ze wzgl\u0119du  [&#8230;]<\/p>\n","protected":false},"author":3,"featured_media":0,"comment_status":"closed","ping_status":"open","sticky":false,"template":"","format":"standard","meta":{"footnotes":""},"categories":[1],"tags":[],"class_list":["post-3423","post","type-post","status-publish","format-standard","hentry","category-bez-kategorii"],"_links":{"self":[{"href":"https:\/\/aikido.krakow.pl\/index.php\/wp-json\/wp\/v2\/posts\/3423","targetHints":{"allow":["GET"]}}],"collection":[{"href":"https:\/\/aikido.krakow.pl\/index.php\/wp-json\/wp\/v2\/posts"}],"about":[{"href":"https:\/\/aikido.krakow.pl\/index.php\/wp-json\/wp\/v2\/types\/post"}],"author":[{"embeddable":true,"href":"https:\/\/aikido.krakow.pl\/index.php\/wp-json\/wp\/v2\/users\/3"}],"replies":[{"embeddable":true,"href":"https:\/\/aikido.krakow.pl\/index.php\/wp-json\/wp\/v2\/comments?post=3423"}],"version-history":[{"count":1,"href":"https:\/\/aikido.krakow.pl\/index.php\/wp-json\/wp\/v2\/posts\/3423\/revisions"}],"predecessor-version":[{"id":3424,"href":"https:\/\/aikido.krakow.pl\/index.php\/wp-json\/wp\/v2\/posts\/3423\/revisions\/3424"}],"wp:attachment":[{"href":"https:\/\/aikido.krakow.pl\/index.php\/wp-json\/wp\/v2\/media?parent=3423"}],"wp:term":[{"taxonomy":"category","embeddable":true,"href":"https:\/\/aikido.krakow.pl\/index.php\/wp-json\/wp\/v2\/categories?post=3423"},{"taxonomy":"post_tag","embeddable":true,"href":"https:\/\/aikido.krakow.pl\/index.php\/wp-json\/wp\/v2\/tags?post=3423"}],"curies":[{"name":"wp","href":"https:\/\/api.w.org\/{rel}","templated":true}]}}