{"id":3362,"date":"2021-05-26T15:44:47","date_gmt":"2021-05-26T13:44:47","guid":{"rendered":"http:\/\/aikido.krakow.pl\/?p=3362"},"modified":"2021-07-19T10:31:42","modified_gmt":"2021-07-19T08:31:42","slug":"zapraszamy-na-treningi","status":"publish","type":"post","link":"https:\/\/aikido.krakow.pl\/index.php\/2021\/05\/26\/zapraszamy-na-treningi\/","title":{"rendered":"Zapraszamy na treningi!"},"content":{"rendered":"<p>Zapraszamy pocz\u0105tkuj\u0105cych oraz osoby kt\u00f3re musia\u0142y przerwa\u0107 treningi ze wzgl\u0119du na sytuacj\u0119 epidemiczn\u0105 na zaj\u0119cia od 31 maja. Treningi odbywaj\u0105 si\u0119 wg sta\u0142ego rozk\u0142adu zaj\u0119\u0107.<\/p>\n","protected":false},"excerpt":{"rendered":"<p>Zapraszamy pocz\u0105tkuj\u0105cych oraz osoby kt\u00f3re musia\u0142y przerwa\u0107 treningi ze wzgl\u0119du  [&#8230;]<\/p>\n","protected":false},"author":3,"featured_media":0,"comment_status":"closed","ping_status":"closed","sticky":false,"template":"","format":"standard","meta":{"footnotes":""},"categories":[1],"tags":[],"class_list":["post-3362","post","type-post","status-publish","format-standard","hentry","category-bez-kategorii"],"_links":{"self":[{"href":"https:\/\/aikido.krakow.pl\/index.php\/wp-json\/wp\/v2\/posts\/3362","targetHints":{"allow":["GET"]}}],"collection":[{"href":"https:\/\/aikido.krakow.pl\/index.php\/wp-json\/wp\/v2\/posts"}],"about":[{"href":"https:\/\/aikido.krakow.pl\/index.php\/wp-json\/wp\/v2\/types\/post"}],"author":[{"embeddable":true,"href":"https:\/\/aikido.krakow.pl\/index.php\/wp-json\/wp\/v2\/users\/3"}],"replies":[{"embeddable":true,"href":"https:\/\/aikido.krakow.pl\/index.php\/wp-json\/wp\/v2\/comments?post=3362"}],"version-history":[{"count":1,"href":"https:\/\/aikido.krakow.pl\/index.php\/wp-json\/wp\/v2\/posts\/3362\/revisions"}],"predecessor-version":[{"id":3363,"href":"https:\/\/aikido.krakow.pl\/index.php\/wp-json\/wp\/v2\/posts\/3362\/revisions\/3363"}],"wp:attachment":[{"href":"https:\/\/aikido.krakow.pl\/index.php\/wp-json\/wp\/v2\/media?parent=3362"}],"wp:term":[{"taxonomy":"category","embeddable":true,"href":"https:\/\/aikido.krakow.pl\/index.php\/wp-json\/wp\/v2\/categories?post=3362"},{"taxonomy":"post_tag","embeddable":true,"href":"https:\/\/aikido.krakow.pl\/index.php\/wp-json\/wp\/v2\/tags?post=3362"}],"curies":[{"name":"wp","href":"https:\/\/api.w.org\/{rel}","templated":true}]}}