{"id":3209,"date":"2012-04-17T09:08:47","date_gmt":"2012-04-17T08:08:47","guid":{"rendered":"http:\/\/aikido.krakow.pl\/?p=312"},"modified":"2012-04-17T09:08:47","modified_gmt":"2012-04-17T08:08:47","slug":"odwolane-treningi","status":"publish","type":"post","link":"https:\/\/aikido.krakow.pl\/index.php\/2012\/04\/17\/odwolane-treningi\/","title":{"rendered":"Odwo\u0142ane treningi"},"content":{"rendered":"<p>\t\t\t\tW najbli\u017cszy pi\u0105tek (20.04) oraz sobot\u0119 (21.04) wszystkie treningi Aikido zostaj\u0105 odwo\u0142ane. Powodem s\u0105 organizowane przez T.S Wis\u0142a Mistrzostwa Polski w Judo M\u0142odzik\u00f3w. Nasze dojo zostanie u\u017cyczone jako sala treningowa oraz sypialnia dla uczestnik\u00f3w mistrzostw. \t\t<\/p>\n","protected":false},"excerpt":{"rendered":"<p>W najbli\u017cszy pi\u0105tek (20.04) oraz sobot\u0119 (21.04) wszystkie treningi Aikido  [&#8230;]<\/p>\n","protected":false},"author":1,"featured_media":133,"comment_status":"closed","ping_status":"open","sticky":false,"template":"","format":"standard","meta":{"footnotes":""},"categories":[19],"tags":[],"class_list":["post-3209","post","type-post","status-publish","format-standard","has-post-thumbnail","hentry","category-treningi"],"_links":{"self":[{"href":"https:\/\/aikido.krakow.pl\/index.php\/wp-json\/wp\/v2\/posts\/3209","targetHints":{"allow":["GET"]}}],"collection":[{"href":"https:\/\/aikido.krakow.pl\/index.php\/wp-json\/wp\/v2\/posts"}],"about":[{"href":"https:\/\/aikido.krakow.pl\/index.php\/wp-json\/wp\/v2\/types\/post"}],"author":[{"embeddable":true,"href":"https:\/\/aikido.krakow.pl\/index.php\/wp-json\/wp\/v2\/users\/1"}],"replies":[{"embeddable":true,"href":"https:\/\/aikido.krakow.pl\/index.php\/wp-json\/wp\/v2\/comments?post=3209"}],"version-history":[{"count":0,"href":"https:\/\/aikido.krakow.pl\/index.php\/wp-json\/wp\/v2\/posts\/3209\/revisions"}],"wp:featuredmedia":[{"embeddable":true,"href":"https:\/\/aikido.krakow.pl\/index.php\/wp-json\/"}],"wp:attachment":[{"href":"https:\/\/aikido.krakow.pl\/index.php\/wp-json\/wp\/v2\/media?parent=3209"}],"wp:term":[{"taxonomy":"category","embeddable":true,"href":"https:\/\/aikido.krakow.pl\/index.php\/wp-json\/wp\/v2\/categories?post=3209"},{"taxonomy":"post_tag","embeddable":true,"href":"https:\/\/aikido.krakow.pl\/index.php\/wp-json\/wp\/v2\/tags?post=3209"}],"curies":[{"name":"wp","href":"https:\/\/api.w.org\/{rel}","templated":true}]}}