{"id":131,"date":"2012-02-18T07:17:53","date_gmt":"2012-02-18T06:17:53","guid":{"rendered":"http:\/\/aikido.krakow.pl\/?p=131"},"modified":"2012-02-18T07:17:53","modified_gmt":"2012-02-18T06:17:53","slug":"zapisy-do-nowej-grupy-poczatkujacej","status":"publish","type":"post","link":"https:\/\/aikido.krakow.pl\/index.php\/2012\/02\/18\/zapisy-do-nowej-grupy-poczatkujacej\/","title":{"rendered":"Zapisy do nowej grupy pocz\u0105tkuj\u0105cej"},"content":{"rendered":"<p>\t\t\t\tRuszy\u0142y zapisy do nowej grupy pocz\u0105tkuj\u0105cej, zg\u0142oszenia mo\u017cna dokona\u0107 osobi\u015bcie codziennie od poniedzia\u0142ku do pi\u0105tku w godz. od 18.00 do 20.00 , w klubie TS &#8222;Wis\u0142a&#8221; przy ulicy Reymonta 22, pok.201, I p. Nowa grupa pocz\u0105tkuj\u0105ca rozpoczyna zaj\u0119cia we wtorek 6 marca 2012. Szczeg\u00f3\u0142y mo\u017cna znale\u017a\u0107 w dziale <a href=\"http:\/\/aikido.krakow.pl\/index.php\/treningi-dorosli\/zapisy\/\">Zapisy <\/a>i <a href=\"http:\/\/aikido.krakow.pl\/index.php\/treningi-dorosli\/rozklad-zajec\/\/\">Rozk\u0142ad zaj\u0119\u0107<\/a>.\t\t<\/p>\n","protected":false},"excerpt":{"rendered":"<p>Ruszy\u0142y zapisy do nowej grupy pocz\u0105tkuj\u0105cej, zg\u0142oszenia mo\u017cna dokona\u0107 osobi\u015bcie  [&#8230;]<\/p>\n","protected":false},"author":1,"featured_media":133,"comment_status":"closed","ping_status":"open","sticky":false,"template":"","format":"standard","meta":{"footnotes":""},"categories":[19,20],"tags":[],"class_list":["post-131","post","type-post","status-publish","format-standard","has-post-thumbnail","hentry","category-treningi","category-zapisy"],"_links":{"self":[{"href":"https:\/\/aikido.krakow.pl\/index.php\/wp-json\/wp\/v2\/posts\/131","targetHints":{"allow":["GET"]}}],"collection":[{"href":"https:\/\/aikido.krakow.pl\/index.php\/wp-json\/wp\/v2\/posts"}],"about":[{"href":"https:\/\/aikido.krakow.pl\/index.php\/wp-json\/wp\/v2\/types\/post"}],"author":[{"embeddable":true,"href":"https:\/\/aikido.krakow.pl\/index.php\/wp-json\/wp\/v2\/users\/1"}],"replies":[{"embeddable":true,"href":"https:\/\/aikido.krakow.pl\/index.php\/wp-json\/wp\/v2\/comments?post=131"}],"version-history":[{"count":0,"href":"https:\/\/aikido.krakow.pl\/index.php\/wp-json\/wp\/v2\/posts\/131\/revisions"}],"wp:featuredmedia":[{"embeddable":true,"href":"https:\/\/aikido.krakow.pl\/index.php\/wp-json\/"}],"wp:attachment":[{"href":"https:\/\/aikido.krakow.pl\/index.php\/wp-json\/wp\/v2\/media?parent=131"}],"wp:term":[{"taxonomy":"category","embeddable":true,"href":"https:\/\/aikido.krakow.pl\/index.php\/wp-json\/wp\/v2\/categories?post=131"},{"taxonomy":"post_tag","embeddable":true,"href":"https:\/\/aikido.krakow.pl\/index.php\/wp-json\/wp\/v2\/tags?post=131"}],"curies":[{"name":"wp","href":"https:\/\/api.w.org\/{rel}","templated":true}]}}