{"id":125,"date":"2012-02-01T07:17:20","date_gmt":"2012-02-01T06:17:20","guid":{"rendered":"http:\/\/aikido.krakow.pl\/?p=125"},"modified":"2012-02-01T07:17:20","modified_gmt":"2012-02-01T06:17:20","slug":"ferie-zimowe","status":"publish","type":"post","link":"https:\/\/aikido.krakow.pl\/index.php\/2012\/02\/01\/ferie-zimowe\/","title":{"rendered":"Ferie zimowe"},"content":{"rendered":"<p>\t\t\t\tW czasie ferii zimowych (13-25.02) treningi b\u0119d\u0105 si\u0119 odbywa\u0142y 3 razy w tygodniu w poniedzia\u0142ki, \u015brody i czwartki w godzinach 20.00-21.30 bez podzia\u0142u na grupy.\t\t<\/p>\n","protected":false},"excerpt":{"rendered":"<p>W czasie ferii zimowych (13-25.02) treningi b\u0119d\u0105 si\u0119 odbywa\u0142y 3  [&#8230;]<\/p>\n","protected":false},"author":1,"featured_media":127,"comment_status":"closed","ping_status":"open","sticky":false,"template":"","format":"standard","meta":{"footnotes":""},"categories":[19],"tags":[],"class_list":["post-125","post","type-post","status-publish","format-standard","has-post-thumbnail","hentry","category-treningi"],"_links":{"self":[{"href":"https:\/\/aikido.krakow.pl\/index.php\/wp-json\/wp\/v2\/posts\/125","targetHints":{"allow":["GET"]}}],"collection":[{"href":"https:\/\/aikido.krakow.pl\/index.php\/wp-json\/wp\/v2\/posts"}],"about":[{"href":"https:\/\/aikido.krakow.pl\/index.php\/wp-json\/wp\/v2\/types\/post"}],"author":[{"embeddable":true,"href":"https:\/\/aikido.krakow.pl\/index.php\/wp-json\/wp\/v2\/users\/1"}],"replies":[{"embeddable":true,"href":"https:\/\/aikido.krakow.pl\/index.php\/wp-json\/wp\/v2\/comments?post=125"}],"version-history":[{"count":0,"href":"https:\/\/aikido.krakow.pl\/index.php\/wp-json\/wp\/v2\/posts\/125\/revisions"}],"wp:featuredmedia":[{"embeddable":true,"href":"https:\/\/aikido.krakow.pl\/index.php\/wp-json\/"}],"wp:attachment":[{"href":"https:\/\/aikido.krakow.pl\/index.php\/wp-json\/wp\/v2\/media?parent=125"}],"wp:term":[{"taxonomy":"category","embeddable":true,"href":"https:\/\/aikido.krakow.pl\/index.php\/wp-json\/wp\/v2\/categories?post=125"},{"taxonomy":"post_tag","embeddable":true,"href":"https:\/\/aikido.krakow.pl\/index.php\/wp-json\/wp\/v2\/tags?post=125"}],"curies":[{"name":"wp","href":"https:\/\/api.w.org\/{rel}","templated":true}]}}