{"id":1173,"date":"2020-05-30T10:22:08","date_gmt":"2020-05-30T09:22:08","guid":{"rendered":"http:\/\/aikido.krakow.pl\/?p=1173"},"modified":"2020-05-30T10:22:08","modified_gmt":"2020-05-30T09:22:08","slug":"zajecia-w-czerwcu-classes-in-june","status":"publish","type":"post","link":"https:\/\/aikido.krakow.pl\/index.php\/2020\/05\/30\/zajecia-w-czerwcu-classes-in-june\/","title":{"rendered":"Zaj\u0119cia w czerwcu \/ Classes in June"},"content":{"rendered":"<p>\t\t\t\t[PL] AIKIDO W CZERWCU<br \/>\nTreningi zaczynaj\u0105 si\u0119 01.06.2020 r.<\/p>\n<p>Rozk\u0142ad zaj\u0119\u0107:<br \/>\n&#8211; poniedzia\u0142ek, \u015broda 20.30-21.45<br \/>\n&#8211; czwartek 20.30-21.30<\/p>\n<p>Zaczynamy treningi 15 min p\u00f3\u017aniej, ni\u017c by\u0142o to w pierwotnym za\u0142o\u017ceniu, ze wzgl\u0119du na dezynfekcj\u0119 maty po zaj\u0119ciach judo.<br \/>\nZbi\u00f3rka przed g\u0142\u00f3wnym wej\u015bciem do budynku o godz. 20.15. Na obiekt wchodzimy jako jedna grupa. Podobnie wygl\u0105da opuszczenie budynku.<br \/>\nNie ma mo\u017cliwo\u015bci indywidualnych wej\u015b\u0107 i wyj\u015b\u0107!<\/p>\n<p>Przed treningiem ka\u017cdy z uczestnik\u00f3w wype\u0142nia o\u015bwiadczenie o stanie zdrowia (ka\u017cdorazowo). W przypadku os\u00f3b niepe\u0142noletnich o\u015bwiadczenie wype\u0142nia prawny opiekun.<br \/>\nNiestety nie mo\u017ce by\u0107 dostarczone p\u00f3\u017aniej. Prosz\u0119 na wszelki wypadek mie\u0107 w\u0142asny d\u0142ugopis. Do treningu wystarczy dowolny str\u00f3j.<br \/>\nNie \u0107wiczymy w hakama! Ubi\u00f3r musi by\u0107 czysty, nie u\u017cywamy tego samego stroju na kolejnym treningu bez wcze\u015bniejszego wyprania go.<br \/>\nSzatnie, na chwil\u0119 obecn\u0105, nie mog\u0105 by\u0107 jeszcze udost\u0119pniane.<\/p>\n<p>Przed wej\u015bciem na mat\u0119 nale\u017cy zdezynfekowa\u0107 d\u0142onie i stopy. Osoby kt\u00f3re mog\u0105 mie\u0107 problemy zdrowotne (np. alergie, problemy sk\u00f3rne itp.)<br \/>\npo korzystaniu z udost\u0119pnionych \u015brodk\u00f3w do dezynfekcji, prosz\u0119 przynosi\u0107 w\u0142asne preparaty.<\/p>\n<p>Op\u0142aty:<br \/>\nOsoby kt\u00f3re p\u0142aci\u0142y za marzec 80 z\u0142, pozostali 150 z\u0142, uczniowie i studenci 130 z\u0142.<br \/>\nUprzejmie prosz\u0119 o wp\u0142aty na pierwszych zaj\u0119ciach (w miar\u0119 mo\u017cliwo\u015bci), got\u00f3wk\u0105.<\/p>\n<p>[ENG] AIKIDO CLASSES IN JUNE<br \/>\nAikido classes will begin 01.06.2020<\/p>\n<p>Schedule:<br \/>\n&#8211; Mondays, Wednedays at 20.30-21.45<br \/>\n&#8211; Thursdays 20.30-21.30<\/p>\n<p>We begin 15 minutes later than we assumed because of dojo disinfection after judo classes.<br \/>\nWe meet in front of the main building entrance at 20.15. We enter the building together as group and there is no possibility of individual entries.<br \/>\nExiting is the same.<\/p>\n<p>Before entering each attendee must fill health statement (each time). People under 18th need to have their legal guardian sign it.<br \/>\nUnfortunatelly the statement cannot be given later than before class. Please have your own pen just in case. To practice you can have any<br \/>\noutfit. Don&#8217;t bring hakama! Your outfit needs to be clean and washed each time after training.<br \/>\nUnfortunatly we cannot have access to dressing rooms for now.<\/p>\n<p>Before entering the mat you need to disinfect your hands and feet. In case of any allergies or skin issues please bring your own sanitiser.<\/p>\n<p>Payments:<br \/>\nIf you paid for march before it is 80 pln, others 150 pln, for students it is 130 pln.<br \/>\nI kindly ask you for paying on the first class (if you can), with cash.<\/p>\n<p>Sensei Dariusz Zi\u0119ba\t\t<\/p>\n","protected":false},"excerpt":{"rendered":"<p>[PL] AIKIDO W CZERWCU Treningi zaczynaj\u0105 si\u0119 01.06.2020 r. Rozk\u0142ad  [&#8230;]<\/p>\n","protected":false},"author":1,"featured_media":133,"comment_status":"closed","ping_status":"open","sticky":false,"template":"","format":"standard","meta":{"footnotes":""},"categories":[19],"tags":[],"class_list":["post-1173","post","type-post","status-publish","format-standard","has-post-thumbnail","hentry","category-treningi"],"_links":{"self":[{"href":"https:\/\/aikido.krakow.pl\/index.php\/wp-json\/wp\/v2\/posts\/1173","targetHints":{"allow":["GET"]}}],"collection":[{"href":"https:\/\/aikido.krakow.pl\/index.php\/wp-json\/wp\/v2\/posts"}],"about":[{"href":"https:\/\/aikido.krakow.pl\/index.php\/wp-json\/wp\/v2\/types\/post"}],"author":[{"embeddable":true,"href":"https:\/\/aikido.krakow.pl\/index.php\/wp-json\/wp\/v2\/users\/1"}],"replies":[{"embeddable":true,"href":"https:\/\/aikido.krakow.pl\/index.php\/wp-json\/wp\/v2\/comments?post=1173"}],"version-history":[{"count":0,"href":"https:\/\/aikido.krakow.pl\/index.php\/wp-json\/wp\/v2\/posts\/1173\/revisions"}],"wp:featuredmedia":[{"embeddable":true,"href":"https:\/\/aikido.krakow.pl\/index.php\/wp-json\/"}],"wp:attachment":[{"href":"https:\/\/aikido.krakow.pl\/index.php\/wp-json\/wp\/v2\/media?parent=1173"}],"wp:term":[{"taxonomy":"category","embeddable":true,"href":"https:\/\/aikido.krakow.pl\/index.php\/wp-json\/wp\/v2\/categories?post=1173"},{"taxonomy":"post_tag","embeddable":true,"href":"https:\/\/aikido.krakow.pl\/index.php\/wp-json\/wp\/v2\/tags?post=1173"}],"curies":[{"name":"wp","href":"https:\/\/api.w.org\/{rel}","templated":true}]}}