{"id":1170,"date":"2020-05-25T15:17:23","date_gmt":"2020-05-25T14:17:23","guid":{"rendered":"http:\/\/aikido.krakow.pl\/?p=1170"},"modified":"2020-05-25T15:17:23","modified_gmt":"2020-05-25T14:17:23","slug":"aikido-czerwiec","status":"publish","type":"post","link":"https:\/\/aikido.krakow.pl\/index.php\/2020\/05\/25\/aikido-czerwiec\/","title":{"rendered":"AIKIDO- CZERWIEC"},"content":{"rendered":"<p id=\"m_2327484867595288123\">Od 01.06.2020 r. planuj\u0119 wznowi\u0107 treningi aikido. Osoby, kt\u00f3re wezm\u0105 udzia\u0142 w czerwcowych zaj\u0119ciach, prosz\u0119 o zg\u0142oszenia sms pod nr tel. 501 270 090 o tre\u015bci: aikido- czerwiec, imi\u0119 i nazwisko. Zg\u0142oszenia prosz\u0119 przesy\u0142a\u0107 do pi\u0105tku 29 maja do godz. 15.00. Rozk\u0142ad zaj\u0119\u0107 b\u0119dzie uzale\u017cniony od ilo\u015bci \u0107wicz\u0105cych. Do treningu wystarczy dowolny str\u00f3j. Szatnie ze wzgl\u0119du na wymogi sanitarne mog\u0105 nie by\u0107 jeszcze udost\u0119pniane. Obowi\u0105zuj\u0105 tak\u017ce ograniczenia co do ilo\u015bci os\u00f3b na halach sportowych.<\/p>\n<p id=\"m_2327484867595288123\">W pierwszym tygodniu zaj\u0119cia odb\u0119d\u0105 si\u0119 w poniedzia\u0142ek, \u015brod\u0119 20.15- 21.30, czwartek 20.15- 21.15 dla wszystkich, bez wzgl\u0119du na stopie\u0144 zaawansowania.<\/p>\n<p id=\"m_2327484867595288123\">Op\u0142ata dla os\u00f3b kt\u00f3re \u0107wiczy\u0142y ( p\u0142aci\u0142y) w marcu: 80 z\u0142.<\/p>\n<p id=\"m_2327484867595288123\">O szczeg\u00f3\u0142ach poinformuj\u0119 Pa\u0144stwa w najbli\u017cszy weekend.<\/p>\n<p id=\"m_2327484867595288123\">Sensei Dariusz Zi\u0119ba<\/p>\n","protected":false},"excerpt":{"rendered":"<p>Od 01.06.2020 r. planuj\u0119 wznowi\u0107 treningi aikido. Osoby, kt\u00f3re wezm\u0105  [&#8230;]<\/p>\n","protected":false},"author":1,"featured_media":133,"comment_status":"closed","ping_status":"open","sticky":false,"template":"","format":"standard","meta":{"footnotes":""},"categories":[19],"tags":[],"class_list":["post-1170","post","type-post","status-publish","format-standard","has-post-thumbnail","hentry","category-treningi"],"_links":{"self":[{"href":"https:\/\/aikido.krakow.pl\/index.php\/wp-json\/wp\/v2\/posts\/1170","targetHints":{"allow":["GET"]}}],"collection":[{"href":"https:\/\/aikido.krakow.pl\/index.php\/wp-json\/wp\/v2\/posts"}],"about":[{"href":"https:\/\/aikido.krakow.pl\/index.php\/wp-json\/wp\/v2\/types\/post"}],"author":[{"embeddable":true,"href":"https:\/\/aikido.krakow.pl\/index.php\/wp-json\/wp\/v2\/users\/1"}],"replies":[{"embeddable":true,"href":"https:\/\/aikido.krakow.pl\/index.php\/wp-json\/wp\/v2\/comments?post=1170"}],"version-history":[{"count":0,"href":"https:\/\/aikido.krakow.pl\/index.php\/wp-json\/wp\/v2\/posts\/1170\/revisions"}],"wp:featuredmedia":[{"embeddable":true,"href":"https:\/\/aikido.krakow.pl\/index.php\/wp-json\/"}],"wp:attachment":[{"href":"https:\/\/aikido.krakow.pl\/index.php\/wp-json\/wp\/v2\/media?parent=1170"}],"wp:term":[{"taxonomy":"category","embeddable":true,"href":"https:\/\/aikido.krakow.pl\/index.php\/wp-json\/wp\/v2\/categories?post=1170"},{"taxonomy":"post_tag","embeddable":true,"href":"https:\/\/aikido.krakow.pl\/index.php\/wp-json\/wp\/v2\/tags?post=1170"}],"curies":[{"name":"wp","href":"https:\/\/api.w.org\/{rel}","templated":true}]}}